{"id":18516,"date":"2026-08-20T15:49:59","date_gmt":"2026-08-20T13:49:59","guid":{"rendered":"https:\/\/igbdental.com\/?p=18516"},"modified":"2026-08-20T17:13:31","modified_gmt":"2026-08-20T15:13:31","slug":"salud-bucal-y-alzheimer-que-dice-la-ciencia-sobre-esta-relacion","status":"publish","type":"post","link":"https:\/\/igbdental.com\/es\/salud-bucal-y-alzheimer-que-dice-la-ciencia-sobre-esta-relacion\/","title":{"rendered":"Salud Bucal y Alzheimer: \u00bfQu\u00e9 dice la Ciencia sobre esta Relaci\u00f3n?"},"content":{"rendered":"<h2><b>\u00bfExiste relaci\u00f3n entre la salud bucal y el Alzheimer?<\/b><\/h2>\n<p><b>No existe evidencia de que una mala salud bucal sea causa directa del Alzheimer<\/b>. Sin embargo, diversos estudios confirman una <b>asociaci\u00f3n entre la periodontitis grave y el deterioro cognitivo<\/b>. La <b>inflamaci\u00f3n cr\u00f3nica sist\u00e9mica<\/b> y la presencia en sangre de bacterias como <b><i>Porphyromonas gingivalis<\/i><\/b> sugieren un v\u00ednculo biol\u00f3gico importante, aunque la causalidad no est\u00e1 demostrada.<\/p>\n<p>\u00bfTe has preguntado si el estado de tus dientes y enc\u00edas puede influir en la salud de tu cerebro? En los \u00faltimos a\u00f1os, el inter\u00e9s cient\u00edfico por conectar la <b>enfermedad periodontal<\/b> con trastornos neurodegenerativos como el Alzheimer ha aumentado significativamente.<\/p>\n<p>En <b>IGB Dental<\/b>, como especialistas en implantolog\u00eda y salud periodontal en <b><a href=\"https:\/\/maps.app.goo.gl\/CMNWBcz5Mb7KVySZ7\" target=\"_blank\" rel=\"noopener\"><strong>Alicante<\/strong><\/a>, <a href=\"https:\/\/maps.app.goo.gl\/Kj3wmruNaZ5FNwaF6\" target=\"_blank\" rel=\"noopener\"><strong>Elche<\/strong><\/a>, <a href=\"https:\/\/maps.app.goo.gl\/ARryekvA67tbKRpWA\" target=\"_blank\" rel=\"noopener\"><strong>Elda<\/strong><\/a>\u00a0<\/b>y <b><a href=\"https:\/\/maps.app.goo.gl\/dF5oboajZX63YoEu7\" target=\"_blank\" rel=\"noopener\"><strong>San Vicente del Raspeig<\/strong><\/a><\/b>, analizamos qu\u00e9 dice la investigaci\u00f3n cient\u00edfica actual, qu\u00e9 papel juegan las bacterias bucales y por qu\u00e9 el cuidado de las enc\u00edas es un pilar fundamental durante el envejecimiento.<\/p>\n<p>&nbsp;<\/p>\n<h2><b>\u00bfQu\u00e9 es la enfermedad de Alzheimer y cu\u00e1les son sus causas?<\/b><\/h2>\n<p>El <b>Alzheimer<\/b> es una enfermedad neurodegenerativa progresiva y la causa m\u00e1s com\u00fan de demencia en adultos mayores. Comienza manifest\u00e1ndose con p\u00e9rdida de memoria reciente y avanza afectando al lenguaje, la orientaci\u00f3n espacial, el razonamiento y la autonom\u00eda diaria.<\/p>\n<p>Actualmente <b>no existe una causa \u00fanica<\/b> para la aparici\u00f3n del Alzheimer. Su desarrollo se atribuye a una interacci\u00f3n compleja de factores:<\/p>\n<ul>\n<li aria-level=\"1\">Predisposici\u00f3n gen\u00e9tica y biolog\u00eda del paciente.<\/li>\n<li aria-level=\"1\">Factores de riesgo cardiovascular (hipertensi\u00f3n, diabetes).<\/li>\n<li aria-level=\"1\">Estilo de vida, alimentaci\u00f3n y tabaquismo.<\/li>\n<li aria-level=\"1\">Procesos inflamatorios sist\u00e9micos.<\/li>\n<\/ul>\n<p>Es en este \u00faltimo punto donde la <b>salud bucodental<\/b> ha entrado en el foco de los investigadores como un posible factor contribuyente, aunque no determinante.<\/p>\n<p>&nbsp;<\/p>\n<h2><b>\u00bfLa mala salud bucal puede provocar Alzheimer?<\/b><\/h2>\n<p>La respuesta cl\u00ednica actual es <b>no<\/b>: <b>no se ha demostrado que una mala salud bucal provoque Alzheimer<\/b>.<\/p>\n<p>Es fundamental diferenciar tres conceptos clave en la investigaci\u00f3n m\u00e9dica:<\/p>\n<ol>\n<li aria-level=\"1\"><b>Asociaci\u00f3n:<\/b> Dos enfermedades coinciden con frecuencia en los mismos pacientes (por ejemplo, personas con periodontitis suelen presentar mayor tasa de deterioro cognitivo).<\/li>\n<li aria-level=\"1\"><b>Mecanismo biol\u00f3gico:<\/b> Existe una hip\u00f3tesis l\u00f3gica sobre c\u00f3mo una enfermedad podr\u00eda influir en la otra.<\/li>\n<li aria-level=\"1\"><b>Causalidad:<\/b> Se demuestra cient\u00edficamente que una patolog\u00eda origina directamente la otra.<\/li>\n<\/ol>\n<p>A d\u00eda de hoy, entre la periodontitis y el Alzheimer existen <b>asociaciones estad\u00edsticas y mecanismos biol\u00f3gicos plausibles<\/b>, pero <b>no existe prueba de causalidad<\/b>.<\/p>\n<p>Un metaan\u00e1lisis de 39 investigaciones publicado en <i>Age and Ageing<\/i> confirm\u00f3 que la enfermedad periodontal se asocia a un mayor riesgo de demencia, pero concluy\u00f3 que esta relaci\u00f3n est\u00e1 fuertemente modulada por factores compartidos como la edad, el tabaquismo o el acceso a la atenci\u00f3n sanitaria.<\/p>\n<p>&nbsp;<\/p>\n<h2><b>\u00bfC\u00f3mo se conectan la boca y el cerebro? V\u00edas de investigaci\u00f3n<\/b><\/h2>\n<p>La <b>periodontitis<\/b> es una infecci\u00f3n bacteriana cr\u00f3nica que destruye los tejidos de soporte del diente. Si no se trata, provoca retracci\u00f3n gingival, movilidad y p\u00e9rdida dental.<\/p>\n<p>Las dos principales hip\u00f3tesis que explican la conexi\u00f3n entre las enc\u00edas y el sistema nervioso central son:<\/p>\n<table>\n<tbody>\n<tr style=\"border-bottom: #cccccc 1px solid;\">\n<td><b>V\u00eda de Conexi\u00f3n<\/b><\/td>\n<td><b>\u00bfQu\u00e9 investiga la ciencia?<\/b><\/td>\n<td><b>Estado de la Evidencia<\/b><\/td>\n<\/tr>\n<tr style=\"border-bottom: #cccccc 1px solid;\">\n<td><b>Inflamaci\u00f3n Cr\u00f3nica Sist\u00e9mica<\/b><\/td>\n<td>La periodontitis libera mediadores inflamatorios a la sangre que podr\u00edan alterar la respuesta inmune cerebral.<\/td>\n<td><b>Plausible:<\/b> La inflamaci\u00f3n continua empeora la salud general, pero no prueba causalidad directa.<\/td>\n<\/tr>\n<tr style=\"border-bottom: #cccccc 1px solid;\">\n<td><b>Bacterias Periodontales en Sangre<\/b><\/td>\n<td>Bacterias bucales pasan al torrente sangu\u00edneo a trav\u00e9s de enc\u00edas sangrantes y llegan a otros \u00f3rganos.<\/td>\n<td><b>Demostrado en laboratorio:<\/b> Hay presencia bacteriana en tejidos alejados, pero su impacto directo en humanos a\u00fan se estudia.<\/td>\n<\/tr>\n<\/tbody>\n<\/table>\n<p>&nbsp;<\/p>\n<p>&nbsp;<\/p>\n<h2><b>El papel de la bacteria <\/b><b><i>Porphyromonas gingivalis<\/i><\/b><b> y las gingipa\u00ednas<\/b><\/h2>\n<p><b><i>Porphyromonas gingivalis<\/i><\/b> es uno de los principales microorganismos pat\u00f3genos responsables de la periodontitis avanzada.<\/p>\n<p>Un estudio referente publicado en <i>Science Advances<\/i> identific\u00f3 fragmentos de ADN de <i>P. gingivalis<\/i> y de sus enzimas t\u00f3xicas (llamadas <b>gingipa\u00ednas<\/b>) en muestras cerebrales de fallecidos con Alzheimer.<\/p>\n<ul>\n<li aria-level=\"1\"><b>\u00bfQu\u00e9 son las gingipa\u00ednas?<\/b> Son enzimas segregadas por la bacteria para destruir tejidos y burlar el sistema inmune. En modelos animales, estas enzimas se han relacionado con lesiones similares a las placas de prote\u00edna beta-amiloide y prote\u00edna tau.<\/li>\n<li aria-level=\"1\"><b>\u00bfEs la \u00abbacteria del Alzheimer\u00bb?<\/b> No. Detectar componentes bacterianos en el cerebro confirma su migraci\u00f3n a trav\u00e9s de la sangre, pero no prueba que hayan sido los desencadenantes del proceso neurodegenerativo.<\/li>\n<\/ul>\n<p>&nbsp;<\/p>\n<h2><b>Una relaci\u00f3n bidireccional: El impacto del deterioro cognitivo en la boca<\/b><\/h2>\n<p>La conexi\u00f3n entre ambas condiciones no solo se investiga de la boca al cerebro, sino tambi\u00e9n en sentido inverso. <b>El avance del Alzheimer empeora gravemente la salud bucodental.<\/b><\/p>\n<p>Conforme progresa el deterioro cognitivo, el paciente experimenta:<\/p>\n<ul>\n<li aria-level=\"1\"><b>Olvido de las rutinas<\/b> de cepillado e higiene diaria.<\/li>\n<li aria-level=\"1\"><b>P\u00e9rdida de destreza manual <\/b>para usar hilo dental o cepillos interdentales.<\/li>\n<li aria-level=\"1\"><b>Dificultad para comunicar dolor<\/b>, molestias o pr\u00f3tesis mal ajustadas.<\/li>\n<li aria-level=\"1\"><b>Rechazo a la comida<\/b> o cambios de conducta por infecciones no detectadas.<\/li>\n<\/ul>\n<p>Esta <b>relaci\u00f3n bidireccional<\/b> complica los estudios epidemiol\u00f3gicos: en muchos casos, la periodontitis grave es una consecuencia directa de la falta de autonom\u00eda provocada por la demencia previa.<\/p>\n<p>&nbsp;<\/p>\n<h2><b>\u00bfTratar la enfermedad periodontal previene el Alzheimer?<\/b><\/h2>\n<p>Actualmente <b>no existe evidencia cient\u00edfica<\/b> de que realizar un tratamiento de enc\u00edas o ponerse implantes dentales prevenga el desarrollo del Alzheimer.<\/p>\n<p>Aunque los pacientes que acuden regularmente al dentista suelen mantener un mejor estado cognitivo a largo plazo, esto se debe habitualmente a que presentan mejores h\u00e1bitos de vida, mayor nivel socioecon\u00f3mico y un control m\u00e9dico general m\u00e1s riguroso.<\/p>\n<p>El tratamiento periodontal debe realizarse siempre para conservar la dentici\u00f3n, evitar infecciones y garantizar una correcta funci\u00f3n masticatoria, <b>no como una vacuna frente al deterioro mental<\/b>.<\/p>\n<p>&nbsp;<\/p>\n<h2><b>Consejos para cuidar la salud bucal en personas con Alzheimer<\/b><\/h2>\n<p>Cuando un familiar padece deterioro cognitivo, es necesario adaptar las pautas de higiene oral:<\/p>\n<ol>\n<li aria-level=\"1\"><b>Establecer rutinas sencillas:<\/b> Mantener el mismo horario y lugar para el cepillado.<\/li>\n<li aria-level=\"1\"><b>Instrucciones paso a paso:<\/b> Dar \u00f3rdenes breves y claras (<i>\u00abcoge el cepillo\u00bb<\/i>, <i>\u00ababre la boca\u00bb<\/i>).<\/li>\n<li aria-level=\"1\"><b>Modelado:<\/b> Cepillarse los dientes frente al paciente para que imite el movimiento.<\/li>\n<li aria-level=\"1\"><b>Supervisi\u00f3n activa:<\/b> Revisar el estado de las pr\u00f3tesis removibles y limpiar las enc\u00edas con una gasa si el cepillado resulta imposible.<\/li>\n<li aria-level=\"1\"><b>Vigilancia de signos indirectos:<\/b> Mal aliento repentino, rechazo a comer o inflamaci\u00f3n son se\u00f1ales de alarma de dolor oral que el paciente no sabr\u00e1 expresar.<\/li>\n<\/ol>\n<p>&nbsp;<\/p>\n<h2><b>Preguntas frecuentes (FAQ) sobre salud bucal y Alzheimer<\/b><\/h2>\n<h3><b>\u00bfLa periodontitis aumenta el riesgo de padecer Alzheimer?<\/b><\/h3>\n<p><b>S\u00ed, existe una asociaci\u00f3n estad\u00edstica<\/b> entre la periodontitis grave y un mayor riesgo de deterioro cognitivo. Sin embargo, no se ha demostrado que la enfermedad de las enc\u00edas sea la causa directa del Alzheimer.<\/p>\n<h3><b>\u00bfLas bacterias de la boca pueden llegar al cerebro?<\/b><\/h3>\n<p><b>S\u00ed, las bacterias bucales pueden entrar al torrente sangu\u00edneo<\/b> cuando las enc\u00edas est\u00e1n sangrantes o inflamadas (bacteriemia). Aunque se han detectado restos bacterianos en tejidos cerebrales, se desconoce su papel exacto en el origen del Alzheimer.<\/p>\n<h3><b>\u00bfPorphyromonas gingivalis causa la enfermedad de Alzheimer?<\/b><\/h3>\n<p><b>No, no est\u00e1 demostrado.<\/b> Aunque la bacteria <i>Porphyromonas gingivalis<\/i> y sus enzimas (<i>gingipa\u00ednas<\/i>) se investigan por su capacidad de alterar la respuesta inmune, no se consideran la causa del Alzheimer.<\/p>\n<h3><b>\u00bfPerder dientes afecta a la memoria o a la funci\u00f3n cognitiva?<\/b><\/h3>\n<p><b>Existe una relaci\u00f3n indirecta.<\/b> La p\u00e9rdida dental no tratada empeora la capacidad masticatoria, lo que puede derivar en d\u00e9ficits nutricionales y menor estimulaci\u00f3n neurosensorial, factores vinculados al deterioro cognitivo general.<\/p>\n<h3><b>\u00bfTratar las enc\u00edas en el dentista evita la demencia?<\/b><\/h3>\n<p><b>No existe evidencia cient\u00edfica suficiente<\/b> para afirmar que el tratamiento periodontal prevenga el Alzheimer. Las revisiones dentales previenen el dolor, las infecciones y la p\u00e9rdida de dientes, mejorando la calidad de vida en la vejez.<\/p>\n<h3><b>\u00bfC\u00f3mo cepillar los dientes a un familiar con Alzheimer?<\/b><\/h3>\n<p><b>Realiza el cepillado con calma y desde una posici\u00f3n lateral.<\/b> Utiliza un cepillo de cabezal peque\u00f1o y cerdas suaves, da instrucciones breves y det\u00e9n el proceso si la persona muestra rechazo o frustraci\u00f3n, intent\u00e1ndolo de nuevo m\u00e1s tarde.<\/p>\n<p>&nbsp;<\/p>\n<h2><b>Conclusi\u00f3n: Cuidar las enc\u00edas para un envejecimiento saludable<\/b><\/h2>\n<p>Aunque la ciencia no haya confirmado que una buena salud oral prevenga el Alzheimer, <b>cuidar la boca es indispensable para un envejecimiento digno, c\u00f3modo y saludable<\/b>. Prevenir la infecci\u00f3n de enc\u00edas evita dolores innecesarios, mantiene la capacidad de comer todo tipo de alimentos y reduce la carga inflamatoria del organismo.<\/p>\n<h3><b>Pide una revisi\u00f3n periodontal en IGB Dental<\/b><\/h3>\n<p>Si notas sangrado al cepillarte, inflamaci\u00f3n, mal aliento o movilidad en tus dientes, est\u00e1s a tiempo de frenar la enfermedad periodontal.<\/p>\n<p>En <b>IGB Dental<\/b> te ofrecemos un diagn\u00f3stico personalizado mediante radiolog\u00eda digital y sondaje periodontal. Vis\u00edtanos en nuestras cl\u00ednicas de <b><a href=\"https:\/\/maps.app.goo.gl\/CMNWBcz5Mb7KVySZ7\" target=\"_blank\" rel=\"noopener\"><strong>Alicante<\/strong><\/a>, <a href=\"https:\/\/maps.app.goo.gl\/Kj3wmruNaZ5FNwaF6\" target=\"_blank\" rel=\"noopener\"><strong>Elche<\/strong><\/a>, <a href=\"https:\/\/maps.app.goo.gl\/ARryekvA67tbKRpWA\" target=\"_blank\" rel=\"noopener\"><strong>Elda<\/strong><\/a><\/b> y<b><a href=\"https:\/\/maps.app.goo.gl\/dF5oboajZX63YoEu7\" target=\"_blank\" rel=\"noopener\"><strong> San Vicente del Raspeig<\/strong><\/a><\/b>.<\/p>\n<p>\ud83d\udc49 <b><a href=\"https:\/\/igbdental.com\/es\/#pidecita\">Contacta con nuestro equipo<\/a> para recibir una valoraci\u00f3n periodontal.<\/b><\/p>\n<p><i>Contenido revisado y validado por el equipo de Implantolog\u00eda Avanzada y Periodoncia de las Cl\u00ednicas IGB Dental.<\/i><\/p>\n<p>&nbsp;<\/p>\n<h3><b>Referencias bibliogr\u00e1ficas<\/b><\/h3>\n<ol>\n<li aria-level=\"1\">Chalmers, J. C., &amp; Hernandez-Kapila, Y. L. (2025). <i>The role of the oral microbiome, host response, and periodontal disease treatment in Alzheimer\u2019s disease: A primer<\/i>. Periodontology 2000, 98(1), 220\u2013227.<\/li>\n<li aria-level=\"1\">Farsi, D. N., et al. (2026). <i>Periodontitis and incident cognitive decline and dementia: A 15-year prospective cohort study of older men residing in Northern Ireland<\/i>. Journal of Alzheimer\u2019s Disease, 109(2), 980\u2013995.<\/li>\n<li aria-level=\"1\">Larvin, H., et al. (2023). <i>The impact of study factors in the association of periodontal disease and cognitive disorders: Systematic review and meta-analysis<\/i>. Age and Ageing, 52(2), afad015.<\/li>\n<li aria-level=\"1\">Li, R., et al. (2024). <i>The oral-brain axis: Can periodontal pathogens trigger the onset and progression of Alzheimer\u2019s disease?<\/i> Frontiers in Microbiology, 15, 1358179.<\/li>\n<li aria-level=\"1\">Liu, Y., et al. (2026). <i>Oral health, genetic susceptibility, and risk of dementia: A prospective cohort study of UK Biobank<\/i>. GeroScience.<\/li>\n<li aria-level=\"1\">Pruntel, S. M., et al. (2024). <i>Oral health as a risk factor for Alzheimer disease<\/i>. The Journal of Prevention of Alzheimer\u2019s Disease, 11(1), 249\u2013258.<\/li>\n<li aria-level=\"1\">Dominy, S. S., et al. (2019). <i>Porphyromonas gingivalis in Alzheimer\u2019s disease brains: Evidence for disease causation and treatment with small-molecule inhibitors<\/i>. Science Advances, 5(1), eaau3333.<\/li>\n<\/ol>\n<p>&nbsp;<\/p>\n<p>&nbsp;<\/p>\n","protected":false},"excerpt":{"rendered":"<p>\u00bfExiste relaci\u00f3n entre la salud bucal y el Alzheimer? No existe evidencia de que una mala salud bucal sea causa directa del Alzheimer. Sin embargo, diversos estudios confirman una asociaci\u00f3n entre la periodontitis grave y el deterioro cognitivo. La inflamaci\u00f3n cr\u00f3nica sist\u00e9mica y la presencia en sangre de bacterias como Porphyromonas gingivalis sugieren un v\u00ednculo<\/p>\n","protected":false},"author":5,"featured_media":18517,"comment_status":"closed","ping_status":"closed","sticky":false,"template":"","format":"standard","meta":{"footnotes":""},"categories":[6],"tags":[455,456,450,300,457,458],"class_list":["post-18516","post","type-post","status-publish","format-standard","has-post-thumbnail","hentry","category-articulos","tag-alzheimer","tag-enfermedad-periodontal","tag-implante","tag-periodontitis","tag-revision-periodontal","tag-salud-bucal"],"psp_head":"<title>Salud Bucal y Alzheimer: \u00bfExiste Relaci\u00f3n Real? | IGB Dental &ndash; IGB Dental<\/title>\r\n<meta name=\"description\" content=\"\u00bfExiste relaci\u00f3n entre periodontitis y Alzheimer? Analizamos la evidencia sobre bacterias bucales, inflamaci\u00f3n cr\u00f3nica y salud cognitiva.\" \/>\r\n<meta name=\"robots\" content=\"index,follow\" \/>\r\n<link rel=\"canonical\" href=\"https:\/\/igbdental.com\/es\/salud-bucal-y-alzheimer-que-dice-la-ciencia-sobre-esta-relacion\/\" \/>\r\n","yoast_head":"<!-- This site is optimized with the Yoast SEO plugin v25.2 - https:\/\/yoast.com\/wordpress\/plugins\/seo\/ -->\n<title>Salud Bucal y Alzheimer: \u00bfExiste Relaci\u00f3n Real? | IGB Dental<\/title>\n<meta name=\"description\" content=\"\u00bfExiste relaci\u00f3n entre periodontitis y Alzheimer? Analizamos la evidencia sobre bacterias bucales, inflamaci\u00f3n cr\u00f3nica y salud cognitiva.\" \/>\n<meta name=\"robots\" content=\"index, follow, max-snippet:-1, max-image-preview:large, max-video-preview:-1\" \/>\n<link rel=\"canonical\" href=\"https:\/\/igbdental.com\/es\/salud-bucal-y-alzheimer-que-dice-la-ciencia-sobre-esta-relacion\/\" \/>\n<meta property=\"og:locale\" content=\"es_ES\" \/>\n<meta property=\"og:type\" content=\"article\" \/>\n<meta property=\"og:title\" content=\"Salud Bucal y Alzheimer: \u00bfExiste Relaci\u00f3n Real? | IGB Dental\" \/>\n<meta property=\"og:description\" content=\"\u00bfExiste relaci\u00f3n entre periodontitis y Alzheimer? Analizamos la evidencia sobre bacterias bucales, inflamaci\u00f3n cr\u00f3nica y salud cognitiva.\" \/>\n<meta property=\"og:url\" content=\"https:\/\/igbdental.com\/es\/salud-bucal-y-alzheimer-que-dice-la-ciencia-sobre-esta-relacion\/\" \/>\n<meta property=\"og:site_name\" content=\"IGB Dental\" \/>\n<meta property=\"article:publisher\" content=\"https:\/\/www.facebook.com\/igbdental\" \/>\n<meta property=\"article:published_time\" content=\"2026-08-20T13:49:59+00:00\" \/>\n<meta property=\"article:modified_time\" content=\"2026-08-20T15:13:31+00:00\" \/>\n<meta property=\"og:image\" content=\"https:\/\/igbdental.com\/wp-content\/uploads\/2026\/08\/Salud-Bucal-y-Alzheimer-1024x683.png\" \/>\n\t<meta property=\"og:image:width\" content=\"1024\" \/>\n\t<meta property=\"og:image:height\" content=\"683\" \/>\n\t<meta property=\"og:image:type\" content=\"image\/png\" \/>\n<meta name=\"author\" content=\"IGB Dental\" \/>\n<meta name=\"twitter:card\" content=\"summary_large_image\" \/>\n<meta name=\"twitter:label1\" content=\"Escrito por\" \/>\n\t<meta name=\"twitter:data1\" content=\"IGB Dental\" \/>\n\t<meta name=\"twitter:label2\" content=\"Tiempo de lectura\" \/>\n\t<meta name=\"twitter:data2\" content=\"8 minutos\" \/>\n<script type=\"application\/ld+json\" class=\"yoast-schema-graph\">{\"@context\":\"https:\/\/schema.org\",\"@graph\":[{\"@type\":\"Article\",\"@id\":\"https:\/\/igbdental.com\/es\/salud-bucal-y-alzheimer-que-dice-la-ciencia-sobre-esta-relacion\/#article\",\"isPartOf\":{\"@id\":\"https:\/\/igbdental.com\/es\/salud-bucal-y-alzheimer-que-dice-la-ciencia-sobre-esta-relacion\/\"},\"author\":{\"name\":\"IGB Dental\",\"@id\":\"https:\/\/igbdental.com\/es\/#\/schema\/person\/2fe3186c6df1808381422c1567c425ab\"},\"headline\":\"Salud Bucal y Alzheimer: \u00bfQu\u00e9 dice la Ciencia sobre esta Relaci\u00f3n?\",\"datePublished\":\"2026-08-20T13:49:59+00:00\",\"dateModified\":\"2026-08-20T15:13:31+00:00\",\"mainEntityOfPage\":{\"@id\":\"https:\/\/igbdental.com\/es\/salud-bucal-y-alzheimer-que-dice-la-ciencia-sobre-esta-relacion\/\"},\"wordCount\":1722,\"publisher\":{\"@id\":\"https:\/\/igbdental.com\/es\/#organization\"},\"image\":{\"@id\":\"https:\/\/igbdental.com\/es\/salud-bucal-y-alzheimer-que-dice-la-ciencia-sobre-esta-relacion\/#primaryimage\"},\"thumbnailUrl\":\"https:\/\/igbdental.com\/wp-content\/uploads\/2026\/08\/Salud-Bucal-y-Alzheimer.png\",\"keywords\":[\"Alzheimer\",\"enfermedad periodontal\",\"implante\",\"periodontitis\",\"revisi\u00f3n periodontal\",\"salud bucal\"],\"articleSection\":[\"Art\u00edculos\"],\"inLanguage\":\"es\"},{\"@type\":\"WebPage\",\"@id\":\"https:\/\/igbdental.com\/es\/salud-bucal-y-alzheimer-que-dice-la-ciencia-sobre-esta-relacion\/\",\"url\":\"https:\/\/igbdental.com\/es\/salud-bucal-y-alzheimer-que-dice-la-ciencia-sobre-esta-relacion\/\",\"name\":\"Salud Bucal y Alzheimer: \u00bfExiste Relaci\u00f3n Real? | IGB Dental\",\"isPartOf\":{\"@id\":\"https:\/\/igbdental.com\/es\/#website\"},\"primaryImageOfPage\":{\"@id\":\"https:\/\/igbdental.com\/es\/salud-bucal-y-alzheimer-que-dice-la-ciencia-sobre-esta-relacion\/#primaryimage\"},\"image\":{\"@id\":\"https:\/\/igbdental.com\/es\/salud-bucal-y-alzheimer-que-dice-la-ciencia-sobre-esta-relacion\/#primaryimage\"},\"thumbnailUrl\":\"https:\/\/igbdental.com\/wp-content\/uploads\/2026\/08\/Salud-Bucal-y-Alzheimer.png\",\"datePublished\":\"2026-08-20T13:49:59+00:00\",\"dateModified\":\"2026-08-20T15:13:31+00:00\",\"description\":\"\u00bfExiste relaci\u00f3n entre periodontitis y Alzheimer? Analizamos la evidencia sobre bacterias bucales, inflamaci\u00f3n cr\u00f3nica y salud cognitiva.\",\"breadcrumb\":{\"@id\":\"https:\/\/igbdental.com\/es\/salud-bucal-y-alzheimer-que-dice-la-ciencia-sobre-esta-relacion\/#breadcrumb\"},\"inLanguage\":\"es\",\"potentialAction\":[{\"@type\":\"ReadAction\",\"target\":[\"https:\/\/igbdental.com\/es\/salud-bucal-y-alzheimer-que-dice-la-ciencia-sobre-esta-relacion\/\"]}]},{\"@type\":\"ImageObject\",\"inLanguage\":\"es\",\"@id\":\"https:\/\/igbdental.com\/es\/salud-bucal-y-alzheimer-que-dice-la-ciencia-sobre-esta-relacion\/#primaryimage\",\"url\":\"https:\/\/igbdental.com\/wp-content\/uploads\/2026\/08\/Salud-Bucal-y-Alzheimer.png\",\"contentUrl\":\"https:\/\/igbdental.com\/wp-content\/uploads\/2026\/08\/Salud-Bucal-y-Alzheimer.png\",\"width\":1536,\"height\":1024},{\"@type\":\"BreadcrumbList\",\"@id\":\"https:\/\/igbdental.com\/es\/salud-bucal-y-alzheimer-que-dice-la-ciencia-sobre-esta-relacion\/#breadcrumb\",\"itemListElement\":[{\"@type\":\"ListItem\",\"position\":1,\"name\":\"Portada\",\"item\":\"https:\/\/igbdental.com\/es\/\"},{\"@type\":\"ListItem\",\"position\":2,\"name\":\"Salud Bucal y Alzheimer: \u00bfQu\u00e9 dice la Ciencia sobre esta Relaci\u00f3n?\"}]},{\"@type\":\"WebSite\",\"@id\":\"https:\/\/igbdental.com\/es\/#website\",\"url\":\"https:\/\/igbdental.com\/es\/\",\"name\":\"IGB Dental\",\"description\":\"Dentistas en Alicante, San Vicente, Elche y Elda\",\"publisher\":{\"@id\":\"https:\/\/igbdental.com\/es\/#organization\"},\"potentialAction\":[{\"@type\":\"SearchAction\",\"target\":{\"@type\":\"EntryPoint\",\"urlTemplate\":\"https:\/\/igbdental.com\/es\/?s={search_term_string}\"},\"query-input\":{\"@type\":\"PropertyValueSpecification\",\"valueRequired\":true,\"valueName\":\"search_term_string\"}}],\"inLanguage\":\"es\"},{\"@type\":\"Organization\",\"@id\":\"https:\/\/igbdental.com\/es\/#organization\",\"name\":\"IGB Dental\",\"url\":\"https:\/\/igbdental.com\/es\/\",\"logo\":{\"@type\":\"ImageObject\",\"inLanguage\":\"es\",\"@id\":\"https:\/\/igbdental.com\/es\/#\/schema\/logo\/image\/\",\"url\":\"https:\/\/igbdental.com\/wp-content\/uploads\/2021\/05\/LogoIGBdental_dark.png\",\"contentUrl\":\"https:\/\/igbdental.com\/wp-content\/uploads\/2021\/05\/LogoIGBdental_dark.png\",\"width\":200,\"height\":110,\"caption\":\"IGB Dental\"},\"image\":{\"@id\":\"https:\/\/igbdental.com\/es\/#\/schema\/logo\/image\/\"},\"sameAs\":[\"https:\/\/www.facebook.com\/igbdental\",\"https:\/\/www.instagram.com\/igbdental\/\",\"https:\/\/www.youtube.com\/channel\/UCLYL_7L1ev6yK1v43mGz3ww\/videos\"]},{\"@type\":\"Person\",\"@id\":\"https:\/\/igbdental.com\/es\/#\/schema\/person\/2fe3186c6df1808381422c1567c425ab\",\"name\":\"IGB Dental\"}]}<\/script>\n<!-- \/ Yoast SEO plugin. -->","yoast_head_json":{"title":"Salud Bucal y Alzheimer: \u00bfExiste Relaci\u00f3n Real? | IGB Dental","description":"\u00bfExiste relaci\u00f3n entre periodontitis y Alzheimer? Analizamos la evidencia sobre bacterias bucales, inflamaci\u00f3n cr\u00f3nica y salud cognitiva.","robots":{"index":"index","follow":"follow","max-snippet":"max-snippet:-1","max-image-preview":"max-image-preview:large","max-video-preview":"max-video-preview:-1"},"canonical":"https:\/\/igbdental.com\/es\/salud-bucal-y-alzheimer-que-dice-la-ciencia-sobre-esta-relacion\/","og_locale":"es_ES","og_type":"article","og_title":"Salud Bucal y Alzheimer: \u00bfExiste Relaci\u00f3n Real? | IGB Dental","og_description":"\u00bfExiste relaci\u00f3n entre periodontitis y Alzheimer? Analizamos la evidencia sobre bacterias bucales, inflamaci\u00f3n cr\u00f3nica y salud cognitiva.","og_url":"https:\/\/igbdental.com\/es\/salud-bucal-y-alzheimer-que-dice-la-ciencia-sobre-esta-relacion\/","og_site_name":"IGB Dental","article_publisher":"https:\/\/www.facebook.com\/igbdental","article_published_time":"2026-08-20T13:49:59+00:00","article_modified_time":"2026-08-20T15:13:31+00:00","og_image":[{"width":1024,"height":683,"url":"https:\/\/igbdental.com\/wp-content\/uploads\/2026\/08\/Salud-Bucal-y-Alzheimer-1024x683.png","type":"image\/png"}],"author":"IGB Dental","twitter_card":"summary_large_image","twitter_misc":{"Escrito por":"IGB Dental","Tiempo de lectura":"8 minutos"},"schema":{"@context":"https:\/\/schema.org","@graph":[{"@type":"Article","@id":"https:\/\/igbdental.com\/es\/salud-bucal-y-alzheimer-que-dice-la-ciencia-sobre-esta-relacion\/#article","isPartOf":{"@id":"https:\/\/igbdental.com\/es\/salud-bucal-y-alzheimer-que-dice-la-ciencia-sobre-esta-relacion\/"},"author":{"name":"IGB Dental","@id":"https:\/\/igbdental.com\/es\/#\/schema\/person\/2fe3186c6df1808381422c1567c425ab"},"headline":"Salud Bucal y Alzheimer: \u00bfQu\u00e9 dice la Ciencia sobre esta Relaci\u00f3n?","datePublished":"2026-08-20T13:49:59+00:00","dateModified":"2026-08-20T15:13:31+00:00","mainEntityOfPage":{"@id":"https:\/\/igbdental.com\/es\/salud-bucal-y-alzheimer-que-dice-la-ciencia-sobre-esta-relacion\/"},"wordCount":1722,"publisher":{"@id":"https:\/\/igbdental.com\/es\/#organization"},"image":{"@id":"https:\/\/igbdental.com\/es\/salud-bucal-y-alzheimer-que-dice-la-ciencia-sobre-esta-relacion\/#primaryimage"},"thumbnailUrl":"https:\/\/igbdental.com\/wp-content\/uploads\/2026\/08\/Salud-Bucal-y-Alzheimer.png","keywords":["Alzheimer","enfermedad periodontal","implante","periodontitis","revisi\u00f3n periodontal","salud bucal"],"articleSection":["Art\u00edculos"],"inLanguage":"es"},{"@type":"WebPage","@id":"https:\/\/igbdental.com\/es\/salud-bucal-y-alzheimer-que-dice-la-ciencia-sobre-esta-relacion\/","url":"https:\/\/igbdental.com\/es\/salud-bucal-y-alzheimer-que-dice-la-ciencia-sobre-esta-relacion\/","name":"Salud Bucal y Alzheimer: \u00bfExiste Relaci\u00f3n Real? | IGB Dental","isPartOf":{"@id":"https:\/\/igbdental.com\/es\/#website"},"primaryImageOfPage":{"@id":"https:\/\/igbdental.com\/es\/salud-bucal-y-alzheimer-que-dice-la-ciencia-sobre-esta-relacion\/#primaryimage"},"image":{"@id":"https:\/\/igbdental.com\/es\/salud-bucal-y-alzheimer-que-dice-la-ciencia-sobre-esta-relacion\/#primaryimage"},"thumbnailUrl":"https:\/\/igbdental.com\/wp-content\/uploads\/2026\/08\/Salud-Bucal-y-Alzheimer.png","datePublished":"2026-08-20T13:49:59+00:00","dateModified":"2026-08-20T15:13:31+00:00","description":"\u00bfExiste relaci\u00f3n entre periodontitis y Alzheimer? Analizamos la evidencia sobre bacterias bucales, inflamaci\u00f3n cr\u00f3nica y salud cognitiva.","breadcrumb":{"@id":"https:\/\/igbdental.com\/es\/salud-bucal-y-alzheimer-que-dice-la-ciencia-sobre-esta-relacion\/#breadcrumb"},"inLanguage":"es","potentialAction":[{"@type":"ReadAction","target":["https:\/\/igbdental.com\/es\/salud-bucal-y-alzheimer-que-dice-la-ciencia-sobre-esta-relacion\/"]}]},{"@type":"ImageObject","inLanguage":"es","@id":"https:\/\/igbdental.com\/es\/salud-bucal-y-alzheimer-que-dice-la-ciencia-sobre-esta-relacion\/#primaryimage","url":"https:\/\/igbdental.com\/wp-content\/uploads\/2026\/08\/Salud-Bucal-y-Alzheimer.png","contentUrl":"https:\/\/igbdental.com\/wp-content\/uploads\/2026\/08\/Salud-Bucal-y-Alzheimer.png","width":1536,"height":1024},{"@type":"BreadcrumbList","@id":"https:\/\/igbdental.com\/es\/salud-bucal-y-alzheimer-que-dice-la-ciencia-sobre-esta-relacion\/#breadcrumb","itemListElement":[{"@type":"ListItem","position":1,"name":"Portada","item":"https:\/\/igbdental.com\/es\/"},{"@type":"ListItem","position":2,"name":"Salud Bucal y Alzheimer: \u00bfQu\u00e9 dice la Ciencia sobre esta Relaci\u00f3n?"}]},{"@type":"WebSite","@id":"https:\/\/igbdental.com\/es\/#website","url":"https:\/\/igbdental.com\/es\/","name":"IGB Dental","description":"Dentistas en Alicante, San Vicente, Elche y Elda","publisher":{"@id":"https:\/\/igbdental.com\/es\/#organization"},"potentialAction":[{"@type":"SearchAction","target":{"@type":"EntryPoint","urlTemplate":"https:\/\/igbdental.com\/es\/?s={search_term_string}"},"query-input":{"@type":"PropertyValueSpecification","valueRequired":true,"valueName":"search_term_string"}}],"inLanguage":"es"},{"@type":"Organization","@id":"https:\/\/igbdental.com\/es\/#organization","name":"IGB Dental","url":"https:\/\/igbdental.com\/es\/","logo":{"@type":"ImageObject","inLanguage":"es","@id":"https:\/\/igbdental.com\/es\/#\/schema\/logo\/image\/","url":"https:\/\/igbdental.com\/wp-content\/uploads\/2021\/05\/LogoIGBdental_dark.png","contentUrl":"https:\/\/igbdental.com\/wp-content\/uploads\/2021\/05\/LogoIGBdental_dark.png","width":200,"height":110,"caption":"IGB Dental"},"image":{"@id":"https:\/\/igbdental.com\/es\/#\/schema\/logo\/image\/"},"sameAs":["https:\/\/www.facebook.com\/igbdental","https:\/\/www.instagram.com\/igbdental\/","https:\/\/www.youtube.com\/channel\/UCLYL_7L1ev6yK1v43mGz3ww\/videos"]},{"@type":"Person","@id":"https:\/\/igbdental.com\/es\/#\/schema\/person\/2fe3186c6df1808381422c1567c425ab","name":"IGB Dental"}]}},"_links":{"self":[{"href":"https:\/\/igbdental.com\/es\/wp-json\/wp\/v2\/posts\/18516","targetHints":{"allow":["GET"]}}],"collection":[{"href":"https:\/\/igbdental.com\/es\/wp-json\/wp\/v2\/posts"}],"about":[{"href":"https:\/\/igbdental.com\/es\/wp-json\/wp\/v2\/types\/post"}],"author":[{"embeddable":true,"href":"https:\/\/igbdental.com\/es\/wp-json\/wp\/v2\/users\/5"}],"replies":[{"embeddable":true,"href":"https:\/\/igbdental.com\/es\/wp-json\/wp\/v2\/comments?post=18516"}],"version-history":[{"count":1,"href":"https:\/\/igbdental.com\/es\/wp-json\/wp\/v2\/posts\/18516\/revisions"}],"predecessor-version":[{"id":18520,"href":"https:\/\/igbdental.com\/es\/wp-json\/wp\/v2\/posts\/18516\/revisions\/18520"}],"wp:featuredmedia":[{"embeddable":true,"href":"https:\/\/igbdental.com\/es\/wp-json\/wp\/v2\/media\/18517"}],"wp:attachment":[{"href":"https:\/\/igbdental.com\/es\/wp-json\/wp\/v2\/media?parent=18516"}],"wp:term":[{"taxonomy":"category","embeddable":true,"href":"https:\/\/igbdental.com\/es\/wp-json\/wp\/v2\/categories?post=18516"},{"taxonomy":"post_tag","embeddable":true,"href":"https:\/\/igbdental.com\/es\/wp-json\/wp\/v2\/tags?post=18516"}],"curies":[{"name":"wp","href":"https:\/\/api.w.org\/{rel}","templated":true}]}}